{"id":126,"date":"2012-11-26T15:53:29","date_gmt":"2012-11-26T14:53:29","guid":{"rendered":"http:\/\/faninitiative.at\/index.php\/2012\/11\/26\/unreflektierte-berichterstattung-in-der-tagespresse\/"},"modified":"2012-11-26T15:53:29","modified_gmt":"2012-11-26T14:53:29","slug":"unreflektierte-berichterstattung-in-der-tagespresse","status":"publish","type":"post","link":"https:\/\/faninitiative.at\/index.php\/2012\/11\/26\/unreflektierte-berichterstattung-in-der-tagespresse\/","title":{"rendered":"Unreflektierte Berichterstattung in der Tagespresse"},"content":{"rendered":"<p><img loading=\"lazy\" decoding=\"async\" class=\" alignleft size-full wp-image-125\" style=\"margin: 0px 10px 10px 0px; float: left;\" src=\"http:\/\/faninitiative.at\/wp-content\/uploads\/2012\/11\/zeitung_web.jpg\" alt=\"alt\" height=\"227\" width=\"342\" srcset=\"https:\/\/faninitiative.at\/wp-content\/uploads\/2012\/11\/zeitung_web.jpg 800w, https:\/\/faninitiative.at\/wp-content\/uploads\/2012\/11\/zeitung_web-300x200.jpg 300w\" sizes=\"auto, (max-width: 342px) 100vw, 342px\" \/>Unter der \u00dcberschrift &#8222;Problemzone Innsbruck: Ein Sozialarbeiter f\u00fcr die Katz'&#8220; berichtet der KURIER in seiner Ausgabe vom 26.11.2012 \u00fcber den Spielabbruch bei der Partie gegen Sturm Graz. Weil der Artikel die Vorf\u00e4lle in Zusammenhang mit der T\u00e4tigkeit von &#8222;Fanarbeit Innsbruck&#8220; stellt, sieht sich die Faninitiative Innsbruck als Tr\u00e4gerverein zu einigen Anmerkungen veranla\u00dft:<\/p>\n<p>  <!--more-->  <\/p>\n<h4>Ausschreitungen werden sich niemals vollst\u00e4ndig verhindern lassen<\/h4>\n<p>1. Zun\u00e4chst einmal ist es v\u00f6llig realit\u00e4tsfremd von einzelnen Becherw\u00fcrfen durch Trib\u00fcnenbesucher auf die Wirkungslosigkeit eines Sozialprojektes zu schlie\u00dfen. Nach dieser Logik d\u00fcrfte es in den Stadien der deutschen Bundesliga, wo seit den 80er Jahren Fanprojekte bestehen, zu keinerlei Vorf\u00e4llen dieser Art mehr kommen. Fakt ist jedoch, da\u00df sich Ausschreitungen von Zuschauern niemals zu hundert Prozent verhindern lassen werden &#8211; weder durch sozialarbeiterische Pr\u00e4vention, noch durch polizeiliche Repression. W\u00e4hrend repressive Ma\u00dfnahmen jedoch eine Spirale von Gewalt und Gegengewalt herbeizuf\u00fchren scheinen, k\u00f6nnen gewaltpr\u00e4ventive Projekte hingegen gerade bei jugendlichen Fans positive Alternativen im Ausleben der Fankultur aufzeigen und so zur \u00dcberwindung von Aggressivit\u00e4t im Umfeld des Fu\u00dfballs beitragen.<\/p>\n<h4>Fanarbeit &#8211; Faninitiative<\/h4>\n<p>2. Die Autoren des Artikels stellen die Organisationsform der Fanarbeit Innsbruck falsch dar. Der angesprochene Sozialarbeiter, Mag. (FH) Armin Weber, ist n\u00e4mlich kein Angestellter des Vereins FC Wacker Innsbruck, wie es im Artikel f\u00e4lschlicherweise hei\u00dft, vielmehr wird &#8222;Fanarbeit Innsbruck&#8220; von der Faninitiative Innsbruck, einer Partnerorganisation des Tiroler Traditionsvereins getragen. Vom FC Wacker, mit dem die Faninitiative in den vergangenen Jahren erfolgreich zahlreiche gemeinsame Projekte durchgef\u00fchrt hat, etwa im Kampf gegen Rassismus innerhalb der Anh\u00e4ngerschaft, wird &#8222;Fanarbeit Innsbruck&#8220; ebenso unterst\u00fctzt wie von der Bundesliga. Die Beziehung zwischen dem FC Wacker und seinen Fans ist somit alles andere als eine &#8222;leidvolle Geschichte&#8220;, wie es im Artikel hei\u00dft.<\/p>\n<h4>Investition in Fanarbeit<\/h4>\n<p>3. Da\u00df die Becherwerfer dem FC Wacker und der Fanszene Schaden zugef\u00fcgt haben (Image, Geldstrafe, m\u00f6gliche Strafverifizierung), steht au\u00dfer Frage. Auch die Faninitiative, deren Vereinszeck es gem\u00e4\u00df Statuten ist, &#8222;jeglichen Formen von [&#8230;] Gewaltbereitschaft unter Fu\u00dfballfans entgegenzuwirken&#8220;, verurteilt derartige Anfeindungen gegen\u00fcber Schieds- und Linienrichtern. Umso mehr unterstreicht die Faninitiative ihr Anliegen, zuk\u00fcnftig noch mehr in gewaltpr\u00e4ventive Ma\u00dfnahmen, etwa in Form von &#8222;Fanarbeit Innsbruck&#8220; zu investieren. Das im Artikel zitierte Res\u00fcmee von Sozialarbeiter Mag. (FH) Armin Weber ist mehr als eine pers\u00f6nliche Selbsteinsch\u00e4tzung, sondern wird durch die wissenschaftliche Begleitung des Projekts best\u00e4tigt. Auch die Bundesliga und die bundesweite Koordinationsstelle f\u00fcr Fanarbeit in Wien best\u00e4tigen die positive Bilanz von &#8222;Fanarbeit Innsbruck&#8220;.<\/p>\n<p>Dringend notwendig ist eine breite Unterst\u00fctzung der Sozialarbeit mit Fu\u00dfballfans in \u00d6sterreich durch alle beteiligten Akteure aus Politik und Sport sowie eine dauerhafte Finanzierung lokaler Institutionen. Einseitige und unreflektierte massenmediale Darstellungen der Situation erweisen sich hingegen als v\u00f6llig kontraproduktiv.<\/p>\n","protected":false},"excerpt":{"rendered":"<p>Unter der \u00dcberschrift &#8222;Problemzone Innsbruck: Ein Sozialarbeiter f\u00fcr die Katz&#8217;&#8220; berichtet der KURIER in seiner Ausgabe vom 26.11.2012 \u00fcber den Spielabbruch bei der Partie gegen Sturm Graz. Weil der Artikel die Vorf\u00e4lle in Zusammenhang mit der T\u00e4tigkeit von &#8222;Fanarbeit Innsbruck&#8220; stellt, sieht sich die Faninitiative Innsbruck als Tr\u00e4gerverein zu einigen Anmerkungen veranla\u00dft:<\/p>\n","protected":false},"author":1,"featured_media":125,"comment_status":"open","ping_status":"open","sticky":false,"template":"","format":"standard","meta":{"footnotes":""},"categories":[1],"tags":[],"class_list":["post-126","post","type-post","status-publish","format-standard","has-post-thumbnail","hentry","category-allgemein"],"_links":{"self":[{"href":"https:\/\/faninitiative.at\/index.php\/wp-json\/wp\/v2\/posts\/126","targetHints":{"allow":["GET"]}}],"collection":[{"href":"https:\/\/faninitiative.at\/index.php\/wp-json\/wp\/v2\/posts"}],"about":[{"href":"https:\/\/faninitiative.at\/index.php\/wp-json\/wp\/v2\/types\/post"}],"author":[{"embeddable":true,"href":"https:\/\/faninitiative.at\/index.php\/wp-json\/wp\/v2\/users\/1"}],"replies":[{"embeddable":true,"href":"https:\/\/faninitiative.at\/index.php\/wp-json\/wp\/v2\/comments?post=126"}],"version-history":[{"count":0,"href":"https:\/\/faninitiative.at\/index.php\/wp-json\/wp\/v2\/posts\/126\/revisions"}],"wp:featuredmedia":[{"embeddable":true,"href":"https:\/\/faninitiative.at\/index.php\/wp-json\/wp\/v2\/media\/125"}],"wp:attachment":[{"href":"https:\/\/faninitiative.at\/index.php\/wp-json\/wp\/v2\/media?parent=126"}],"wp:term":[{"taxonomy":"category","embeddable":true,"href":"https:\/\/faninitiative.at\/index.php\/wp-json\/wp\/v2\/categories?post=126"},{"taxonomy":"post_tag","embeddable":true,"href":"https:\/\/faninitiative.at\/index.php\/wp-json\/wp\/v2\/tags?post=126"}],"curies":[{"name":"wp","href":"https:\/\/api.w.org\/{rel}","templated":true}]}}